{"id":16391,"date":"2023-01-15T09:45:07","date_gmt":"2023-01-15T09:45:07","guid":{"rendered":"https:\/\/croekspres.kuhada.agency\/2023\/01\/15\/wir-haben-eine-neue-sammelwagenlinie-kroatien-slowenien-kroatien-eroeffnet\/"},"modified":"2023-04-28T17:56:10","modified_gmt":"2023-04-28T17:56:10","slug":"wir-haben-eine-neue-sammelwagenlinie-kroatien-slowenien-kroatien-eroeffnet","status":"publish","type":"post","link":"https:\/\/www.croekspres.hr\/de\/2023\/01\/15\/wir-haben-eine-neue-sammelwagenlinie-kroatien-slowenien-kroatien-eroeffnet\/","title":{"rendered":"<strong>Wir haben eine neue Sammelwagenlinie Kroatien &#8211; Slowenien &#8211; Kroatien er\u00f6ffnet<\/strong>"},"content":{"rendered":"\n<p>Um unseren Kunden immer wieder neue Services zu bieten und damit ihre Lieferungen noch schneller, einfacher und sorgenfreier zu gestalten, haben wir dieses Jahr mit einem solchen Service in unserem Portfolio gestartet.<\/p>\n\n<p>Wir haben eine Sammelwagenlinie auf der Strecke Kroatien &#8211; Slowenien &#8211; Kroatien er\u00f6ffnet.<\/p>\n\n<p>Die Abfahrten erfolgen t\u00e4glich in beide Richtungen. Die Waren werden in allen Teilen Kroatiens gesammelt und in das gesamte Gebiet Sloweniens geliefert. Gleiches gilt in umgekehrter Richtung, wenn die Ware in Slowenien abgeholt und auf das Gebiet der Republik Kroatien geliefert wird.<\/p>\n\n<p>Der Service ist f\u00fcr St\u00fcckgut und G\u00fcter gedacht, die f\u00fcr diese Transportart ordnungsgem\u00e4\u00df verpackt sind.<\/p>\n\n<p>Wenn Sie Hilfe beim ad\u00e4quaten Verpacken von Waren oder einfach nur Beratung ben\u00f6tigen, wenden Sie sich bitte an unser freundliches und professionelles Team f\u00fcr internationale Sammeltransporte, das Ihnen gerne zur Verf\u00fcgung steht.<\/p>\n\n<p>Die Preise, die wir f\u00fcr diese Linie vorbereitet haben, sind \u00e4u\u00dferst wettbewerbsf\u00e4hig, und der Service ist schnell, flexibel und &#8222;Just in Time&#8220; &#8230; Wir alle wissen sehr gut, dass derjenige im Vorteil ist, der die Ware hat, wenn er sie braucht Bieten Sie Ihren Kunden genau diesen Service.<\/p>\n","protected":false},"excerpt":{"rendered":"<p>Um unseren Kunden immer wieder neue Services zu bieten und damit ihre Lieferungen noch schneller, einfacher und sorgenfreier zu gestalten, haben wir dieses Jahr mit einem solchen Service in unserem Portfolio gestartet. Wir haben eine Sammelwagenlinie auf der Strecke Kroatien &#8211; Slowenien &#8211; Kroatien er\u00f6ffnet. Die Abfahrten erfolgen t\u00e4glich in beide Richtungen. Die Waren werden [&hellip;]<\/p>\n","protected":false},"author":1,"featured_media":16126,"comment_status":"open","ping_status":"open","sticky":false,"template":"","format":"standard","meta":{"footnotes":""},"categories":[180],"tags":[],"class_list":["post-16391","post","type-post","status-publish","format-standard","has-post-thumbnail","hentry","category-neuigkeiten-und-trends"],"yoast_head":"<!-- This site is optimized with the Yoast SEO plugin v20.7 - https:\/\/yoast.com\/wordpress\/plugins\/seo\/ -->\n<title>Wir haben eine neue Sammelwagenlinie Kroatien - Slowenien - Kroatien er\u00f6ffnet<\/title>\n<meta name=\"description\" content=\"Um unseren Kunden immer wieder neue Services zu bieten und damit ihre Lieferungen noch schneller, einfacher und sorgenfreier zu gestalten, haben wir dieses Jahr mit einem solchen Service in unserem Portfolio gestartet.\" \/>\n<meta name=\"robots\" content=\"index, follow, max-snippet:-1, max-image-preview:large, max-video-preview:-1\" \/>\n<link rel=\"canonical\" href=\"https:\/\/www.croekspres.hr\/de\/2023\/01\/15\/wir-haben-eine-neue-sammelwagenlinie-kroatien-slowenien-kroatien-eroeffnet\/\" \/>\n<meta property=\"og:locale\" content=\"de_DE\" \/>\n<meta property=\"og:type\" content=\"article\" \/>\n<meta property=\"og:title\" content=\"Wir haben eine neue Sammelwagenlinie Kroatien - Slowenien - Kroatien er\u00f6ffnet\" \/>\n<meta property=\"og:description\" content=\"Um unseren Kunden immer wieder neue Services zu bieten und damit ihre Lieferungen noch schneller, einfacher und sorgenfreier zu gestalten, haben wir dieses Jahr mit einem solchen Service in unserem Portfolio gestartet.\" \/>\n<meta property=\"og:url\" content=\"https:\/\/www.croekspres.hr\/de\/2023\/01\/15\/wir-haben-eine-neue-sammelwagenlinie-kroatien-slowenien-kroatien-eroeffnet\/\" \/>\n<meta property=\"og:site_name\" content=\"CROekspres\" \/>\n<meta property=\"article:published_time\" content=\"2023-01-15T09:45:07+00:00\" \/>\n<meta property=\"article:modified_time\" content=\"2023-04-28T17:56:10+00:00\" \/>\n<meta property=\"og:image\" content=\"https:\/\/www.croekspres.hr\/wp-content\/uploads\/2023\/01\/cro-eksp-slo-hr-1.jpg\" \/>\n\t<meta property=\"og:image:width\" content=\"1095\" \/>\n\t<meta property=\"og:image:height\" content=\"628\" \/>\n\t<meta property=\"og:image:type\" content=\"image\/jpeg\" \/>\n<meta name=\"author\" content=\"iexpadmin\" \/>\n<meta name=\"twitter:card\" content=\"summary_large_image\" \/>\n<meta name=\"twitter:label1\" content=\"Verfasst von\" \/>\n\t<meta name=\"twitter:data1\" content=\"iexpadmin\" \/>\n\t<meta name=\"twitter:label2\" content=\"Gesch\u00e4tzte Lesezeit\" \/>\n\t<meta name=\"twitter:data2\" content=\"1\u00a0Minute\" \/>\n<script type=\"application\/ld+json\" class=\"yoast-schema-graph\">{\"@context\":\"https:\/\/schema.org\",\"@graph\":[{\"@type\":\"Article\",\"@id\":\"https:\/\/www.croekspres.hr\/de\/2023\/01\/15\/wir-haben-eine-neue-sammelwagenlinie-kroatien-slowenien-kroatien-eroeffnet\/#article\",\"isPartOf\":{\"@id\":\"https:\/\/www.croekspres.hr\/de\/2023\/01\/15\/wir-haben-eine-neue-sammelwagenlinie-kroatien-slowenien-kroatien-eroeffnet\/\"},\"author\":{\"name\":\"iexpadmin\",\"@id\":\"https:\/\/mail.ortopedijaideal.hr\/#\/schema\/person\/fc815dc035cb1cc0efede3ab0de877f8\"},\"headline\":\"Wir haben eine neue Sammelwagenlinie Kroatien &#8211; Slowenien &#8211; Kroatien er\u00f6ffnet\",\"datePublished\":\"2023-01-15T09:45:07+00:00\",\"dateModified\":\"2023-04-28T17:56:10+00:00\",\"mainEntityOfPage\":{\"@id\":\"https:\/\/www.croekspres.hr\/de\/2023\/01\/15\/wir-haben-eine-neue-sammelwagenlinie-kroatien-slowenien-kroatien-eroeffnet\/\"},\"wordCount\":206,\"commentCount\":0,\"publisher\":{\"@id\":\"https:\/\/mail.ortopedijaideal.hr\/#organization\"},\"articleSection\":[\"Neuigkeiten und Trends\"],\"inLanguage\":\"de\",\"potentialAction\":[{\"@type\":\"CommentAction\",\"name\":\"Comment\",\"target\":[\"https:\/\/www.croekspres.hr\/de\/2023\/01\/15\/wir-haben-eine-neue-sammelwagenlinie-kroatien-slowenien-kroatien-eroeffnet\/#respond\"]}]},{\"@type\":\"WebPage\",\"@id\":\"https:\/\/www.croekspres.hr\/de\/2023\/01\/15\/wir-haben-eine-neue-sammelwagenlinie-kroatien-slowenien-kroatien-eroeffnet\/\",\"url\":\"https:\/\/www.croekspres.hr\/de\/2023\/01\/15\/wir-haben-eine-neue-sammelwagenlinie-kroatien-slowenien-kroatien-eroeffnet\/\",\"name\":\"Wir haben eine neue Sammelwagenlinie Kroatien - Slowenien - Kroatien er\u00f6ffnet\",\"isPartOf\":{\"@id\":\"https:\/\/mail.ortopedijaideal.hr\/#website\"},\"datePublished\":\"2023-01-15T09:45:07+00:00\",\"dateModified\":\"2023-04-28T17:56:10+00:00\",\"description\":\"Um unseren Kunden immer wieder neue Services zu bieten und damit ihre Lieferungen noch schneller, einfacher und sorgenfreier zu gestalten, haben wir dieses Jahr mit einem solchen Service in unserem Portfolio gestartet.\",\"inLanguage\":\"de\",\"potentialAction\":[{\"@type\":\"ReadAction\",\"target\":[\"https:\/\/www.croekspres.hr\/de\/2023\/01\/15\/wir-haben-eine-neue-sammelwagenlinie-kroatien-slowenien-kroatien-eroeffnet\/\"]}]},{\"@type\":\"WebSite\",\"@id\":\"https:\/\/mail.ortopedijaideal.hr\/#website\",\"url\":\"https:\/\/mail.ortopedijaideal.hr\/\",\"name\":\"CROekspres\",\"description\":\"Anytime, Anywhere\",\"publisher\":{\"@id\":\"https:\/\/mail.ortopedijaideal.hr\/#organization\"},\"potentialAction\":[{\"@type\":\"SearchAction\",\"target\":{\"@type\":\"EntryPoint\",\"urlTemplate\":\"https:\/\/mail.ortopedijaideal.hr\/?s={search_term_string}\"},\"query-input\":\"required name=search_term_string\"}],\"inLanguage\":\"de\"},{\"@type\":\"Organization\",\"@id\":\"https:\/\/mail.ortopedijaideal.hr\/#organization\",\"name\":\"Cro Ekspres d.o.o.\",\"url\":\"https:\/\/mail.ortopedijaideal.hr\/\",\"logo\":{\"@type\":\"ImageObject\",\"inLanguage\":\"de\",\"@id\":\"https:\/\/mail.ortopedijaideal.hr\/#\/schema\/logo\/image\/\",\"url\":\"\/wp-content\/uploads\/2023\/03\/Cro-ekspres-logo-new.png\",\"contentUrl\":\"\/wp-content\/uploads\/2023\/03\/Cro-ekspres-logo-new.png\",\"width\":200,\"height\":166,\"caption\":\"Cro Ekspres d.o.o.\"},\"image\":{\"@id\":\"https:\/\/mail.ortopedijaideal.hr\/#\/schema\/logo\/image\/\"}},{\"@type\":\"Person\",\"@id\":\"https:\/\/mail.ortopedijaideal.hr\/#\/schema\/person\/fc815dc035cb1cc0efede3ab0de877f8\",\"name\":\"iexpadmin\",\"image\":{\"@type\":\"ImageObject\",\"inLanguage\":\"de\",\"@id\":\"https:\/\/mail.ortopedijaideal.hr\/#\/schema\/person\/image\/\",\"url\":\"https:\/\/secure.gravatar.com\/avatar\/64af395cde3985cddc2d6b0b3ef40b9736c4c2d7a4618db8b82e86672e2c183a?s=96&d=mm&r=g\",\"contentUrl\":\"https:\/\/secure.gravatar.com\/avatar\/64af395cde3985cddc2d6b0b3ef40b9736c4c2d7a4618db8b82e86672e2c183a?s=96&d=mm&r=g\",\"caption\":\"iexpadmin\"},\"sameAs\":[\"https:\/\/wp-croekspres.onlyoneif.com\"]}]}<\/script>\n<!-- \/ Yoast SEO plugin. -->","yoast_head_json":{"title":"Wir haben eine neue Sammelwagenlinie Kroatien - Slowenien - Kroatien er\u00f6ffnet","description":"Um unseren Kunden immer wieder neue Services zu bieten und damit ihre Lieferungen noch schneller, einfacher und sorgenfreier zu gestalten, haben wir dieses Jahr mit einem solchen Service in unserem Portfolio gestartet.","robots":{"index":"index","follow":"follow","max-snippet":"max-snippet:-1","max-image-preview":"max-image-preview:large","max-video-preview":"max-video-preview:-1"},"canonical":"https:\/\/www.croekspres.hr\/de\/2023\/01\/15\/wir-haben-eine-neue-sammelwagenlinie-kroatien-slowenien-kroatien-eroeffnet\/","og_locale":"de_DE","og_type":"article","og_title":"Wir haben eine neue Sammelwagenlinie Kroatien - Slowenien - Kroatien er\u00f6ffnet","og_description":"Um unseren Kunden immer wieder neue Services zu bieten und damit ihre Lieferungen noch schneller, einfacher und sorgenfreier zu gestalten, haben wir dieses Jahr mit einem solchen Service in unserem Portfolio gestartet.","og_url":"https:\/\/www.croekspres.hr\/de\/2023\/01\/15\/wir-haben-eine-neue-sammelwagenlinie-kroatien-slowenien-kroatien-eroeffnet\/","og_site_name":"CROekspres","article_published_time":"2023-01-15T09:45:07+00:00","article_modified_time":"2023-04-28T17:56:10+00:00","og_image":[{"width":1095,"height":628,"url":"https:\/\/www.croekspres.hr\/wp-content\/uploads\/2023\/01\/cro-eksp-slo-hr-1.jpg","type":"image\/jpeg"}],"author":"iexpadmin","twitter_card":"summary_large_image","twitter_misc":{"Verfasst von":"iexpadmin","Gesch\u00e4tzte Lesezeit":"1\u00a0Minute"},"schema":{"@context":"https:\/\/schema.org","@graph":[{"@type":"Article","@id":"https:\/\/www.croekspres.hr\/de\/2023\/01\/15\/wir-haben-eine-neue-sammelwagenlinie-kroatien-slowenien-kroatien-eroeffnet\/#article","isPartOf":{"@id":"https:\/\/www.croekspres.hr\/de\/2023\/01\/15\/wir-haben-eine-neue-sammelwagenlinie-kroatien-slowenien-kroatien-eroeffnet\/"},"author":{"name":"iexpadmin","@id":"https:\/\/mail.ortopedijaideal.hr\/#\/schema\/person\/fc815dc035cb1cc0efede3ab0de877f8"},"headline":"Wir haben eine neue Sammelwagenlinie Kroatien &#8211; Slowenien &#8211; Kroatien er\u00f6ffnet","datePublished":"2023-01-15T09:45:07+00:00","dateModified":"2023-04-28T17:56:10+00:00","mainEntityOfPage":{"@id":"https:\/\/www.croekspres.hr\/de\/2023\/01\/15\/wir-haben-eine-neue-sammelwagenlinie-kroatien-slowenien-kroatien-eroeffnet\/"},"wordCount":206,"commentCount":0,"publisher":{"@id":"https:\/\/mail.ortopedijaideal.hr\/#organization"},"articleSection":["Neuigkeiten und Trends"],"inLanguage":"de","potentialAction":[{"@type":"CommentAction","name":"Comment","target":["https:\/\/www.croekspres.hr\/de\/2023\/01\/15\/wir-haben-eine-neue-sammelwagenlinie-kroatien-slowenien-kroatien-eroeffnet\/#respond"]}]},{"@type":"WebPage","@id":"https:\/\/www.croekspres.hr\/de\/2023\/01\/15\/wir-haben-eine-neue-sammelwagenlinie-kroatien-slowenien-kroatien-eroeffnet\/","url":"https:\/\/www.croekspres.hr\/de\/2023\/01\/15\/wir-haben-eine-neue-sammelwagenlinie-kroatien-slowenien-kroatien-eroeffnet\/","name":"Wir haben eine neue Sammelwagenlinie Kroatien - Slowenien - Kroatien er\u00f6ffnet","isPartOf":{"@id":"https:\/\/mail.ortopedijaideal.hr\/#website"},"datePublished":"2023-01-15T09:45:07+00:00","dateModified":"2023-04-28T17:56:10+00:00","description":"Um unseren Kunden immer wieder neue Services zu bieten und damit ihre Lieferungen noch schneller, einfacher und sorgenfreier zu gestalten, haben wir dieses Jahr mit einem solchen Service in unserem Portfolio gestartet.","inLanguage":"de","potentialAction":[{"@type":"ReadAction","target":["https:\/\/www.croekspres.hr\/de\/2023\/01\/15\/wir-haben-eine-neue-sammelwagenlinie-kroatien-slowenien-kroatien-eroeffnet\/"]}]},{"@type":"WebSite","@id":"https:\/\/mail.ortopedijaideal.hr\/#website","url":"https:\/\/mail.ortopedijaideal.hr\/","name":"CROekspres","description":"Anytime, Anywhere","publisher":{"@id":"https:\/\/mail.ortopedijaideal.hr\/#organization"},"potentialAction":[{"@type":"SearchAction","target":{"@type":"EntryPoint","urlTemplate":"https:\/\/mail.ortopedijaideal.hr\/?s={search_term_string}"},"query-input":"required name=search_term_string"}],"inLanguage":"de"},{"@type":"Organization","@id":"https:\/\/mail.ortopedijaideal.hr\/#organization","name":"Cro Ekspres d.o.o.","url":"https:\/\/mail.ortopedijaideal.hr\/","logo":{"@type":"ImageObject","inLanguage":"de","@id":"https:\/\/mail.ortopedijaideal.hr\/#\/schema\/logo\/image\/","url":"\/wp-content\/uploads\/2023\/03\/Cro-ekspres-logo-new.png","contentUrl":"\/wp-content\/uploads\/2023\/03\/Cro-ekspres-logo-new.png","width":200,"height":166,"caption":"Cro Ekspres d.o.o."},"image":{"@id":"https:\/\/mail.ortopedijaideal.hr\/#\/schema\/logo\/image\/"}},{"@type":"Person","@id":"https:\/\/mail.ortopedijaideal.hr\/#\/schema\/person\/fc815dc035cb1cc0efede3ab0de877f8","name":"iexpadmin","image":{"@type":"ImageObject","inLanguage":"de","@id":"https:\/\/mail.ortopedijaideal.hr\/#\/schema\/person\/image\/","url":"https:\/\/secure.gravatar.com\/avatar\/64af395cde3985cddc2d6b0b3ef40b9736c4c2d7a4618db8b82e86672e2c183a?s=96&d=mm&r=g","contentUrl":"https:\/\/secure.gravatar.com\/avatar\/64af395cde3985cddc2d6b0b3ef40b9736c4c2d7a4618db8b82e86672e2c183a?s=96&d=mm&r=g","caption":"iexpadmin"},"sameAs":["https:\/\/wp-croekspres.onlyoneif.com"]}]}},"_links":{"self":[{"href":"https:\/\/www.croekspres.hr\/de\/wp-json\/wp\/v2\/posts\/16391","targetHints":{"allow":["GET"]}}],"collection":[{"href":"https:\/\/www.croekspres.hr\/de\/wp-json\/wp\/v2\/posts"}],"about":[{"href":"https:\/\/www.croekspres.hr\/de\/wp-json\/wp\/v2\/types\/post"}],"author":[{"embeddable":true,"href":"https:\/\/www.croekspres.hr\/de\/wp-json\/wp\/v2\/users\/1"}],"replies":[{"embeddable":true,"href":"https:\/\/www.croekspres.hr\/de\/wp-json\/wp\/v2\/comments?post=16391"}],"version-history":[{"count":1,"href":"https:\/\/www.croekspres.hr\/de\/wp-json\/wp\/v2\/posts\/16391\/revisions"}],"predecessor-version":[{"id":16395,"href":"https:\/\/www.croekspres.hr\/de\/wp-json\/wp\/v2\/posts\/16391\/revisions\/16395"}],"wp:featuredmedia":[{"embeddable":true,"href":"https:\/\/www.croekspres.hr\/de\/wp-json\/wp\/v2\/media\/16126"}],"wp:attachment":[{"href":"https:\/\/www.croekspres.hr\/de\/wp-json\/wp\/v2\/media?parent=16391"}],"wp:term":[{"taxonomy":"category","embeddable":true,"href":"https:\/\/www.croekspres.hr\/de\/wp-json\/wp\/v2\/categories?post=16391"},{"taxonomy":"post_tag","embeddable":true,"href":"https:\/\/www.croekspres.hr\/de\/wp-json\/wp\/v2\/tags?post=16391"}],"curies":[{"name":"wp","href":"https:\/\/api.w.org\/{rel}","templated":true}]}}