{"id":16340,"date":"2023-03-21T09:48:15","date_gmt":"2023-03-21T09:48:15","guid":{"rendered":"https:\/\/croekspres.kuhada.agency\/2023\/03\/21\/erneuerter-fuhrpark-mit-einem-neuen-ford-f-max-traktor\/"},"modified":"2023-04-28T17:56:04","modified_gmt":"2023-04-28T17:56:04","slug":"erneuerter-fuhrpark-mit-einem-neuen-ford-f-max-traktor","status":"publish","type":"post","link":"https:\/\/www.croekspres.hr\/de\/2023\/03\/21\/erneuerter-fuhrpark-mit-einem-neuen-ford-f-max-traktor\/","title":{"rendered":"<strong>Erneuerter Fuhrpark mit einem neuen Ford F-max Traktor <\/strong>"},"content":{"rendered":"\n<p>Um unseren Fahrern die Arbeitsbedingungen so angenehm wie m\u00f6glich zu machen und die Sendungen unserer Kunden so sicher wie m\u00f6glich zu transportieren, verst\u00e4rken wir uns in diesem Fr\u00fchjahr um ein neues Mitglied im Fuhrpark.<\/p>\n\n<p>Wir verst\u00e4rken unsere Kr\u00e4fte mit dem neuen Ford F-max Traktor, der 2019 auch zum International Truck of the Year gek\u00fcrt wurde.<\/p>\n\n<p>Das Fahrzeug hat eine Schlafkabine und 2 Betten, 4&#215;2 Konfiguration, technisch zul\u00e4ssiges Gewicht 18.000 kg, Motor: FORD ECOTROQ: Hubraum 12.740 ccm, 500 PS \/ 368 kW\/1.800 U\/min.<\/p>\n\n<p>Abgasemissionen: EURO 6E, mit Ausstattungspaket Comfort Plus etc., die dieses Fahrzeug f\u00fcr alle Anforderungen des heutigen nationalen und internationalen G\u00fcterverkehrs bestens ger\u00fcstet machen.<\/p>\n\n<p>Als sozial verantwortliches Unternehmen investiert Cro Ekpres gro\u00dfe Anstrengungen und Mittel, um Fahrzeuge in der Flotte zu haben, die den h\u00f6chsten Standards entsprechen, um alle erforderlichen Kapazit\u00e4ten erf\u00fcllen zu k\u00f6nnen und sowohl f\u00fcr seine Mitarbeiter, die sie verwalten, als auch f\u00fcr Sicherheit zu sorgen. und f\u00fcr die Natur, die uns umgibt, weil wir uns bewusst sind, dass nur verantwortungsvolles Verhalten die Auswirkungen auf die Umweltverschmutzung verringern kann.<\/p>\n\n<p>Lassen Sie Ihre Sendungen ihren Platz finden, indem Sie mit unserem neuen Mitglied transportiert werden.<\/p>\n","protected":false},"excerpt":{"rendered":"<p>Um unseren Fahrern die Arbeitsbedingungen so angenehm wie m\u00f6glich zu machen und die Sendungen unserer Kunden so sicher wie m\u00f6glich zu transportieren, verst\u00e4rken wir uns in diesem Fr\u00fchjahr um ein neues Mitglied im Fuhrpark. Wir verst\u00e4rken unsere Kr\u00e4fte mit dem neuen Ford F-max Traktor, der 2019 auch zum International Truck of the Year gek\u00fcrt wurde. [&hellip;]<\/p>\n","protected":false},"author":1,"featured_media":16014,"comment_status":"closed","ping_status":"closed","sticky":false,"template":"","format":"standard","meta":{"footnotes":""},"categories":[180],"tags":[],"class_list":["post-16340","post","type-post","status-publish","format-standard","has-post-thumbnail","hentry","category-neuigkeiten-und-trends"],"yoast_head":"<!-- This site is optimized with the Yoast SEO plugin v20.7 - https:\/\/yoast.com\/wordpress\/plugins\/seo\/ -->\n<title>CROekspres<\/title>\n<meta name=\"robots\" content=\"index, follow, max-snippet:-1, max-image-preview:large, max-video-preview:-1\" \/>\n<link rel=\"canonical\" href=\"https:\/\/www.croekspres.hr\/de\/2023\/03\/21\/erneuerter-fuhrpark-mit-einem-neuen-ford-f-max-traktor\/\" \/>\n<meta property=\"og:locale\" content=\"de_DE\" \/>\n<meta property=\"og:type\" content=\"article\" \/>\n<meta property=\"og:description\" content=\"Um unseren Fahrern die Arbeitsbedingungen so angenehm wie m\u00f6glich zu machen und die Sendungen unserer Kunden so sicher wie m\u00f6glich zu transportieren, verst\u00e4rken wir uns in diesem Fr\u00fchjahr um ein neues Mitglied im Fuhrpark. Wir verst\u00e4rken unsere Kr\u00e4fte mit dem neuen Ford F-max Traktor, der 2019 auch zum International Truck of the Year gek\u00fcrt wurde. [&hellip;]\" \/>\n<meta property=\"og:url\" content=\"https:\/\/www.croekspres.hr\/de\/2023\/03\/21\/erneuerter-fuhrpark-mit-einem-neuen-ford-f-max-traktor\/\" \/>\n<meta property=\"og:site_name\" content=\"CROekspres\" \/>\n<meta property=\"article:published_time\" content=\"2023-03-21T09:48:15+00:00\" \/>\n<meta property=\"article:modified_time\" content=\"2023-04-28T17:56:04+00:00\" \/>\n<meta property=\"og:image\" content=\"https:\/\/www.croekspres.hr\/wp-content\/uploads\/2023\/03\/cro-ekspres-ford-f-max.jpg\" \/>\n\t<meta property=\"og:image:width\" content=\"1095\" \/>\n\t<meta property=\"og:image:height\" content=\"628\" \/>\n\t<meta property=\"og:image:type\" content=\"image\/jpeg\" \/>\n<meta name=\"author\" content=\"iexpadmin\" \/>\n<meta name=\"twitter:card\" content=\"summary_large_image\" \/>\n<meta name=\"twitter:label1\" content=\"Verfasst von\" \/>\n\t<meta name=\"twitter:data1\" content=\"iexpadmin\" \/>\n\t<meta name=\"twitter:label2\" content=\"Gesch\u00e4tzte Lesezeit\" \/>\n\t<meta name=\"twitter:data2\" content=\"1\u00a0Minute\" \/>\n<script type=\"application\/ld+json\" class=\"yoast-schema-graph\">{\"@context\":\"https:\/\/schema.org\",\"@graph\":[{\"@type\":\"Article\",\"@id\":\"https:\/\/www.croekspres.hr\/de\/2023\/03\/21\/erneuerter-fuhrpark-mit-einem-neuen-ford-f-max-traktor\/#article\",\"isPartOf\":{\"@id\":\"https:\/\/www.croekspres.hr\/de\/2023\/03\/21\/erneuerter-fuhrpark-mit-einem-neuen-ford-f-max-traktor\/\"},\"author\":{\"name\":\"iexpadmin\",\"@id\":\"https:\/\/mail.ortopedijaideal.hr\/#\/schema\/person\/fc815dc035cb1cc0efede3ab0de877f8\"},\"headline\":\"Erneuerter Fuhrpark mit einem neuen Ford F-max Traktor\",\"datePublished\":\"2023-03-21T09:48:15+00:00\",\"dateModified\":\"2023-04-28T17:56:04+00:00\",\"mainEntityOfPage\":{\"@id\":\"https:\/\/www.croekspres.hr\/de\/2023\/03\/21\/erneuerter-fuhrpark-mit-einem-neuen-ford-f-max-traktor\/\"},\"wordCount\":208,\"publisher\":{\"@id\":\"https:\/\/mail.ortopedijaideal.hr\/#organization\"},\"articleSection\":[\"Neuigkeiten und Trends\"],\"inLanguage\":\"de\"},{\"@type\":\"WebPage\",\"@id\":\"https:\/\/www.croekspres.hr\/de\/2023\/03\/21\/erneuerter-fuhrpark-mit-einem-neuen-ford-f-max-traktor\/\",\"url\":\"https:\/\/www.croekspres.hr\/de\/2023\/03\/21\/erneuerter-fuhrpark-mit-einem-neuen-ford-f-max-traktor\/\",\"name\":\"\",\"isPartOf\":{\"@id\":\"https:\/\/mail.ortopedijaideal.hr\/#website\"},\"datePublished\":\"2023-03-21T09:48:15+00:00\",\"dateModified\":\"2023-04-28T17:56:04+00:00\",\"inLanguage\":\"de\",\"potentialAction\":[{\"@type\":\"ReadAction\",\"target\":[\"https:\/\/www.croekspres.hr\/de\/2023\/03\/21\/erneuerter-fuhrpark-mit-einem-neuen-ford-f-max-traktor\/\"]}]},{\"@type\":\"WebSite\",\"@id\":\"https:\/\/mail.ortopedijaideal.hr\/#website\",\"url\":\"https:\/\/mail.ortopedijaideal.hr\/\",\"name\":\"CROekspres\",\"description\":\"Anytime, Anywhere\",\"publisher\":{\"@id\":\"https:\/\/mail.ortopedijaideal.hr\/#organization\"},\"potentialAction\":[{\"@type\":\"SearchAction\",\"target\":{\"@type\":\"EntryPoint\",\"urlTemplate\":\"https:\/\/mail.ortopedijaideal.hr\/?s={search_term_string}\"},\"query-input\":\"required name=search_term_string\"}],\"inLanguage\":\"de\"},{\"@type\":\"Organization\",\"@id\":\"https:\/\/mail.ortopedijaideal.hr\/#organization\",\"name\":\"Cro Ekspres d.o.o.\",\"url\":\"https:\/\/mail.ortopedijaideal.hr\/\",\"logo\":{\"@type\":\"ImageObject\",\"inLanguage\":\"de\",\"@id\":\"https:\/\/mail.ortopedijaideal.hr\/#\/schema\/logo\/image\/\",\"url\":\"\/wp-content\/uploads\/2023\/03\/Cro-ekspres-logo-new.png\",\"contentUrl\":\"\/wp-content\/uploads\/2023\/03\/Cro-ekspres-logo-new.png\",\"width\":200,\"height\":166,\"caption\":\"Cro Ekspres d.o.o.\"},\"image\":{\"@id\":\"https:\/\/mail.ortopedijaideal.hr\/#\/schema\/logo\/image\/\"}},{\"@type\":\"Person\",\"@id\":\"https:\/\/mail.ortopedijaideal.hr\/#\/schema\/person\/fc815dc035cb1cc0efede3ab0de877f8\",\"name\":\"iexpadmin\",\"image\":{\"@type\":\"ImageObject\",\"inLanguage\":\"de\",\"@id\":\"https:\/\/mail.ortopedijaideal.hr\/#\/schema\/person\/image\/\",\"url\":\"https:\/\/secure.gravatar.com\/avatar\/64af395cde3985cddc2d6b0b3ef40b9736c4c2d7a4618db8b82e86672e2c183a?s=96&d=mm&r=g\",\"contentUrl\":\"https:\/\/secure.gravatar.com\/avatar\/64af395cde3985cddc2d6b0b3ef40b9736c4c2d7a4618db8b82e86672e2c183a?s=96&d=mm&r=g\",\"caption\":\"iexpadmin\"},\"sameAs\":[\"https:\/\/wp-croekspres.onlyoneif.com\"]}]}<\/script>\n<!-- \/ Yoast SEO plugin. -->","yoast_head_json":{"title":"CROekspres","robots":{"index":"index","follow":"follow","max-snippet":"max-snippet:-1","max-image-preview":"max-image-preview:large","max-video-preview":"max-video-preview:-1"},"canonical":"https:\/\/www.croekspres.hr\/de\/2023\/03\/21\/erneuerter-fuhrpark-mit-einem-neuen-ford-f-max-traktor\/","og_locale":"de_DE","og_type":"article","og_description":"Um unseren Fahrern die Arbeitsbedingungen so angenehm wie m\u00f6glich zu machen und die Sendungen unserer Kunden so sicher wie m\u00f6glich zu transportieren, verst\u00e4rken wir uns in diesem Fr\u00fchjahr um ein neues Mitglied im Fuhrpark. Wir verst\u00e4rken unsere Kr\u00e4fte mit dem neuen Ford F-max Traktor, der 2019 auch zum International Truck of the Year gek\u00fcrt wurde. [&hellip;]","og_url":"https:\/\/www.croekspres.hr\/de\/2023\/03\/21\/erneuerter-fuhrpark-mit-einem-neuen-ford-f-max-traktor\/","og_site_name":"CROekspres","article_published_time":"2023-03-21T09:48:15+00:00","article_modified_time":"2023-04-28T17:56:04+00:00","og_image":[{"width":1095,"height":628,"url":"https:\/\/www.croekspres.hr\/wp-content\/uploads\/2023\/03\/cro-ekspres-ford-f-max.jpg","type":"image\/jpeg"}],"author":"iexpadmin","twitter_card":"summary_large_image","twitter_misc":{"Verfasst von":"iexpadmin","Gesch\u00e4tzte Lesezeit":"1\u00a0Minute"},"schema":{"@context":"https:\/\/schema.org","@graph":[{"@type":"Article","@id":"https:\/\/www.croekspres.hr\/de\/2023\/03\/21\/erneuerter-fuhrpark-mit-einem-neuen-ford-f-max-traktor\/#article","isPartOf":{"@id":"https:\/\/www.croekspres.hr\/de\/2023\/03\/21\/erneuerter-fuhrpark-mit-einem-neuen-ford-f-max-traktor\/"},"author":{"name":"iexpadmin","@id":"https:\/\/mail.ortopedijaideal.hr\/#\/schema\/person\/fc815dc035cb1cc0efede3ab0de877f8"},"headline":"Erneuerter Fuhrpark mit einem neuen Ford F-max Traktor","datePublished":"2023-03-21T09:48:15+00:00","dateModified":"2023-04-28T17:56:04+00:00","mainEntityOfPage":{"@id":"https:\/\/www.croekspres.hr\/de\/2023\/03\/21\/erneuerter-fuhrpark-mit-einem-neuen-ford-f-max-traktor\/"},"wordCount":208,"publisher":{"@id":"https:\/\/mail.ortopedijaideal.hr\/#organization"},"articleSection":["Neuigkeiten und Trends"],"inLanguage":"de"},{"@type":"WebPage","@id":"https:\/\/www.croekspres.hr\/de\/2023\/03\/21\/erneuerter-fuhrpark-mit-einem-neuen-ford-f-max-traktor\/","url":"https:\/\/www.croekspres.hr\/de\/2023\/03\/21\/erneuerter-fuhrpark-mit-einem-neuen-ford-f-max-traktor\/","name":"","isPartOf":{"@id":"https:\/\/mail.ortopedijaideal.hr\/#website"},"datePublished":"2023-03-21T09:48:15+00:00","dateModified":"2023-04-28T17:56:04+00:00","inLanguage":"de","potentialAction":[{"@type":"ReadAction","target":["https:\/\/www.croekspres.hr\/de\/2023\/03\/21\/erneuerter-fuhrpark-mit-einem-neuen-ford-f-max-traktor\/"]}]},{"@type":"WebSite","@id":"https:\/\/mail.ortopedijaideal.hr\/#website","url":"https:\/\/mail.ortopedijaideal.hr\/","name":"CROekspres","description":"Anytime, Anywhere","publisher":{"@id":"https:\/\/mail.ortopedijaideal.hr\/#organization"},"potentialAction":[{"@type":"SearchAction","target":{"@type":"EntryPoint","urlTemplate":"https:\/\/mail.ortopedijaideal.hr\/?s={search_term_string}"},"query-input":"required name=search_term_string"}],"inLanguage":"de"},{"@type":"Organization","@id":"https:\/\/mail.ortopedijaideal.hr\/#organization","name":"Cro Ekspres d.o.o.","url":"https:\/\/mail.ortopedijaideal.hr\/","logo":{"@type":"ImageObject","inLanguage":"de","@id":"https:\/\/mail.ortopedijaideal.hr\/#\/schema\/logo\/image\/","url":"\/wp-content\/uploads\/2023\/03\/Cro-ekspres-logo-new.png","contentUrl":"\/wp-content\/uploads\/2023\/03\/Cro-ekspres-logo-new.png","width":200,"height":166,"caption":"Cro Ekspres d.o.o."},"image":{"@id":"https:\/\/mail.ortopedijaideal.hr\/#\/schema\/logo\/image\/"}},{"@type":"Person","@id":"https:\/\/mail.ortopedijaideal.hr\/#\/schema\/person\/fc815dc035cb1cc0efede3ab0de877f8","name":"iexpadmin","image":{"@type":"ImageObject","inLanguage":"de","@id":"https:\/\/mail.ortopedijaideal.hr\/#\/schema\/person\/image\/","url":"https:\/\/secure.gravatar.com\/avatar\/64af395cde3985cddc2d6b0b3ef40b9736c4c2d7a4618db8b82e86672e2c183a?s=96&d=mm&r=g","contentUrl":"https:\/\/secure.gravatar.com\/avatar\/64af395cde3985cddc2d6b0b3ef40b9736c4c2d7a4618db8b82e86672e2c183a?s=96&d=mm&r=g","caption":"iexpadmin"},"sameAs":["https:\/\/wp-croekspres.onlyoneif.com"]}]}},"_links":{"self":[{"href":"https:\/\/www.croekspres.hr\/de\/wp-json\/wp\/v2\/posts\/16340","targetHints":{"allow":["GET"]}}],"collection":[{"href":"https:\/\/www.croekspres.hr\/de\/wp-json\/wp\/v2\/posts"}],"about":[{"href":"https:\/\/www.croekspres.hr\/de\/wp-json\/wp\/v2\/types\/post"}],"author":[{"embeddable":true,"href":"https:\/\/www.croekspres.hr\/de\/wp-json\/wp\/v2\/users\/1"}],"replies":[{"embeddable":true,"href":"https:\/\/www.croekspres.hr\/de\/wp-json\/wp\/v2\/comments?post=16340"}],"version-history":[{"count":1,"href":"https:\/\/www.croekspres.hr\/de\/wp-json\/wp\/v2\/posts\/16340\/revisions"}],"predecessor-version":[{"id":16354,"href":"https:\/\/www.croekspres.hr\/de\/wp-json\/wp\/v2\/posts\/16340\/revisions\/16354"}],"wp:featuredmedia":[{"embeddable":true,"href":"https:\/\/www.croekspres.hr\/de\/wp-json\/wp\/v2\/media\/16014"}],"wp:attachment":[{"href":"https:\/\/www.croekspres.hr\/de\/wp-json\/wp\/v2\/media?parent=16340"}],"wp:term":[{"taxonomy":"category","embeddable":true,"href":"https:\/\/www.croekspres.hr\/de\/wp-json\/wp\/v2\/categories?post=16340"},{"taxonomy":"post_tag","embeddable":true,"href":"https:\/\/www.croekspres.hr\/de\/wp-json\/wp\/v2\/tags?post=16340"}],"curies":[{"name":"wp","href":"https:\/\/api.w.org\/{rel}","templated":true}]}}